{"id":1094,"date":"2019-01-07T10:39:14","date_gmt":"2019-01-07T09:39:14","guid":{"rendered":"http:\/\/www.loirepourtous.net\/?p=1094"},"modified":"2019-01-07T10:39:16","modified_gmt":"2019-01-07T09:39:16","slug":"meilleurs-voeux-2019","status":"publish","type":"post","link":"https:\/\/www.loirepourtous.net\/index.php\/2019\/01\/07\/meilleurs-voeux-2019\/","title":{"rendered":"Meilleurs v\u0153ux 2019"},"content":{"rendered":"\n<ul class=\"wp-block-gallery columns-1 is-cropped wp-block-gallery-1 is-layout-flex wp-block-gallery-is-layout-flex\"><li class=\"blocks-gallery-item\"><figure><img data-recalc-dims=\"1\" loading=\"lazy\" decoding=\"async\" width=\"640\" height=\"302\" data-attachment-id=\"1090\" data-permalink=\"https:\/\/www.loirepourtous.net\/voeux-lpt\/\" data-orig-file=\"https:\/\/i0.wp.com\/www.loirepourtous.net\/wp-content\/uploads\/2018\/12\/voeux-lpt.jpg?fit=771%2C364&amp;ssl=1\" data-orig-size=\"771,364\" data-comments-opened=\"1\" data-image-meta=\"{&quot;aperture&quot;:&quot;0&quot;,&quot;credit&quot;:&quot;&quot;,&quot;camera&quot;:&quot;&quot;,&quot;caption&quot;:&quot;&quot;,&quot;created_timestamp&quot;:&quot;0&quot;,&quot;copyright&quot;:&quot;&quot;,&quot;focal_length&quot;:&quot;0&quot;,&quot;iso&quot;:&quot;0&quot;,&quot;shutter_speed&quot;:&quot;0&quot;,&quot;title&quot;:&quot;&quot;,&quot;orientation&quot;:&quot;0&quot;}\" data-image-title=\"voeux lpt\" data-image-description=\"\" data-image-caption=\"\" data-large-file=\"https:\/\/i0.wp.com\/www.loirepourtous.net\/wp-content\/uploads\/2018\/12\/voeux-lpt.jpg?fit=640%2C302&amp;ssl=1\" src=\"https:\/\/i0.wp.com\/www.loirepourtous.net\/wp-content\/uploads\/2018\/12\/voeux-lpt.jpg?resize=640%2C302\" alt=\"\" data-id=\"1090\" data-link=\"http:\/\/www.loirepourtous.net\/index.php\/2018\/12\/31\/bonne-annee-ligerienne__trashed\/voeux-lpt\/\" class=\"wp-image-1090\" srcset=\"https:\/\/i0.wp.com\/www.loirepourtous.net\/wp-content\/uploads\/2018\/12\/voeux-lpt.jpg?w=771&amp;ssl=1 771w, https:\/\/i0.wp.com\/www.loirepourtous.net\/wp-content\/uploads\/2018\/12\/voeux-lpt.jpg?resize=300%2C142&amp;ssl=1 300w, https:\/\/i0.wp.com\/www.loirepourtous.net\/wp-content\/uploads\/2018\/12\/voeux-lpt.jpg?resize=768%2C363&amp;ssl=1 768w\" sizes=\"auto, (max-width: 640px) 100vw, 640px\" \/><\/figure><\/li><\/ul>\n\n\n\n<p>Loire Pour Tous vous souhaite une bonne ann\u00e9e lig\u00e9rienne 2019, et vous convie \u00e0 partager la traditionnelle galette des rois qui aura lieu le vendredi 18 janvier \u00e0 partir de 17h dans notre atelier au 8 rue l&rsquo;Ouche Colin.<\/p>\n","protected":false},"excerpt":{"rendered":"<p>Loire Pour Tous vous souhaite une bonne ann\u00e9e lig\u00e9rienne 2019, et vous convie \u00e0 partager la traditionnelle galette des rois qui aura lieu le vendredi 18 janvier \u00e0 partir de [&hellip;]<\/p>\n","protected":false},"author":2,"featured_media":0,"comment_status":"open","ping_status":"open","sticky":false,"template":"","format":"standard","meta":{"_exactmetrics_skip_tracking":false,"_exactmetrics_sitenote_active":false,"_exactmetrics_sitenote_note":"","_exactmetrics_sitenote_category":0,"ngg_post_thumbnail":0,"jetpack_post_was_ever_published":false,"_jetpack_newsletter_access":"","_jetpack_dont_email_post_to_subs":false,"_jetpack_newsletter_tier_id":0,"_jetpack_memberships_contains_paywalled_content":false,"_jetpack_memberships_contains_paid_content":false,"footnotes":"","jetpack_publicize_message":"","jetpack_publicize_feature_enabled":true,"jetpack_social_post_already_shared":true,"jetpack_social_options":{"image_generator_settings":{"template":"highway","default_image_id":0,"font":"","enabled":false},"version":2}},"categories":[1],"tags":[],"class_list":["post-1094","post","type-post","status-publish","format-standard","hentry","category-non-classe"],"jetpack_publicize_connections":[],"jetpack_featured_media_url":"","jetpack_sharing_enabled":true,"jetpack_shortlink":"https:\/\/wp.me\/p9NwNE-hE","jetpack_likes_enabled":true,"jetpack-related-posts":[],"_links":{"self":[{"href":"https:\/\/www.loirepourtous.net\/index.php\/wp-json\/wp\/v2\/posts\/1094","targetHints":{"allow":["GET"]}}],"collection":[{"href":"https:\/\/www.loirepourtous.net\/index.php\/wp-json\/wp\/v2\/posts"}],"about":[{"href":"https:\/\/www.loirepourtous.net\/index.php\/wp-json\/wp\/v2\/types\/post"}],"author":[{"embeddable":true,"href":"https:\/\/www.loirepourtous.net\/index.php\/wp-json\/wp\/v2\/users\/2"}],"replies":[{"embeddable":true,"href":"https:\/\/www.loirepourtous.net\/index.php\/wp-json\/wp\/v2\/comments?post=1094"}],"version-history":[{"count":1,"href":"https:\/\/www.loirepourtous.net\/index.php\/wp-json\/wp\/v2\/posts\/1094\/revisions"}],"predecessor-version":[{"id":1095,"href":"https:\/\/www.loirepourtous.net\/index.php\/wp-json\/wp\/v2\/posts\/1094\/revisions\/1095"}],"wp:attachment":[{"href":"https:\/\/www.loirepourtous.net\/index.php\/wp-json\/wp\/v2\/media?parent=1094"}],"wp:term":[{"taxonomy":"category","embeddable":true,"href":"https:\/\/www.loirepourtous.net\/index.php\/wp-json\/wp\/v2\/categories?post=1094"},{"taxonomy":"post_tag","embeddable":true,"href":"https:\/\/www.loirepourtous.net\/index.php\/wp-json\/wp\/v2\/tags?post=1094"}],"curies":[{"name":"wp","href":"https:\/\/api.w.org\/{rel}","templated":true}]}}